{"id":1400,"date":"2022-03-11T21:03:56","date_gmt":"2022-03-11T20:03:56","guid":{"rendered":"https:\/\/asdesgreensdeugenie.fr\/?p=1400"},"modified":"2022-03-11T21:03:56","modified_gmt":"2022-03-11T20:03:56","slug":"le-mot-du-president-arnaud-brethes","status":"publish","type":"post","link":"https:\/\/asdesgreensdeugenie.fr\/index.php\/2022\/03\/11\/le-mot-du-president-arnaud-brethes\/","title":{"rendered":"Le mot du Pr\u00e9sident Arnaud Br\u00e8thes"},"content":{"rendered":"\n<p>Au nom du comit\u00e9 directeur, c&rsquo;est avec fiert\u00e9 que je vous d\u00e9voile les noms de la championne et du champion du club issus tous les deux de notre \u00e9cole de golf:<\/p>\n\n\n<p>Alexandra Plaino et Matthieu Plaino.\u00a0<\/p>\n\n\n<p>F\u00e9licitations \u00e0 tous les deux pour leurs belles performances tout au long de ce championnat.\u00a0Nous ne manquerons pas de les mettre \u00e0 l&rsquo;honneur prochainement.\u00a0<br \/><\/p>\n\n\n<p>Ce week-end d\u00e9butent les championnats f\u00e9d\u00e9raux r\u00e9gionaux par \u00e9quipe.\u00a0L\u2019\u00e9quipe 2 portera les couleurs du club sur le golf d\u2019Albret (47) tandis que l\u2019\u00e9quipe 1 tentera de confirmer la mont\u00e9e acquise l\u2019an pass\u00e9 sur le golf des Forges (79).<\/p>\n\n\n<p>\u00a0Nous vous tiendrons inform\u00e9s des r\u00e9sultats prochainement. \ud83d\ude09<\/p>\n","protected":false},"excerpt":{"rendered":"<p>Au nom du comit\u00e9 directeur, c&rsquo;est avec fiert\u00e9 que je vous d\u00e9voile les noms de la championne et du champion du club issus tous les deux de notre \u00e9cole de golf: Alexandra Plaino et Matthieu Plaino.\u00a0 F\u00e9licitations \u00e0 tous les deux pour leurs belles performances tout au long de ce [&hellip;]<\/p>\n","protected":false},"author":3,"featured_media":0,"comment_status":"closed","ping_status":"open","sticky":false,"template":"","format":"standard","meta":{"footnotes":""},"categories":[1],"tags":[],"class_list":["post-1400","post","type-post","status-publish","format-standard","hentry","category-non-classe"],"_links":{"self":[{"href":"https:\/\/asdesgreensdeugenie.fr\/index.php\/wp-json\/wp\/v2\/posts\/1400","targetHints":{"allow":["GET"]}}],"collection":[{"href":"https:\/\/asdesgreensdeugenie.fr\/index.php\/wp-json\/wp\/v2\/posts"}],"about":[{"href":"https:\/\/asdesgreensdeugenie.fr\/index.php\/wp-json\/wp\/v2\/types\/post"}],"author":[{"embeddable":true,"href":"https:\/\/asdesgreensdeugenie.fr\/index.php\/wp-json\/wp\/v2\/users\/3"}],"replies":[{"embeddable":true,"href":"https:\/\/asdesgreensdeugenie.fr\/index.php\/wp-json\/wp\/v2\/comments?post=1400"}],"version-history":[{"count":0,"href":"https:\/\/asdesgreensdeugenie.fr\/index.php\/wp-json\/wp\/v2\/posts\/1400\/revisions"}],"wp:attachment":[{"href":"https:\/\/asdesgreensdeugenie.fr\/index.php\/wp-json\/wp\/v2\/media?parent=1400"}],"wp:term":[{"taxonomy":"category","embeddable":true,"href":"https:\/\/asdesgreensdeugenie.fr\/index.php\/wp-json\/wp\/v2\/categories?post=1400"},{"taxonomy":"post_tag","embeddable":true,"href":"https:\/\/asdesgreensdeugenie.fr\/index.php\/wp-json\/wp\/v2\/tags?post=1400"}],"curies":[{"name":"wp","href":"https:\/\/api.w.org\/{rel}","templated":true}]}}