{"id":1451,"date":"2022-03-17T22:06:24","date_gmt":"2022-03-17T21:06:24","guid":{"rendered":"https:\/\/asdesgreensdeugenie.fr\/?p=1451"},"modified":"2022-03-17T22:06:24","modified_gmt":"2022-03-17T21:06:24","slug":"resultats-du-championnat","status":"publish","type":"post","link":"https:\/\/asdesgreensdeugenie.fr\/index.php\/2022\/03\/17\/resultats-du-championnat\/","title":{"rendered":"R\u00e9sultats du Championnat F\u00e9d\u00e9ral R\u00e9gional par \u00e9quipe"},"content":{"rendered":"\n<p><\/p>\n\n\n<p>L&rsquo;\u00e9quipe 2 sur le Golf d&rsquo;Albert (47) tout d&rsquo;abord a d\u00fb affronter un orage de gr\u00eale lors de la reconnaissance du vendredi. Elle a d\u00fb ensuite lutter contre les pi\u00e8ges tendus par ce golf et ils sont nombreux. Les scores certes un peu lourds ne porteront pas atteinte \u00e0 la motivation des joueurs de cette \u00e9quipe qui se serviront de cette exp\u00e9rience pour \u00eatre plus performants la prochaine fois. \u00a0<\/p>\n\n\n<p>L&rsquo;\u00e9quipe 1 sur le Golf des Forges (79) a d\u00e9marr\u00e9 sur les chapeaux\u00a0de roue le samedi gr\u00e2ce \u00e0 une carte dans le par de Fred Alba et une carte de\u00a0+2 du champion du club Matthieu Plaino.\u00a0Le reste de l&rsquo;\u00e9quipe s&rsquo;est accroch\u00e9 jusqu&rsquo;au 18\u00e8me trou pour gratter le moindre coup.\u00a0A la fin de la journ\u00e9e, l&rsquo;\u00e9quipe est deuxi\u00e8me ce qui signifie qu&rsquo;elle jouera la mont\u00e9e dimanche lors des matchs play contre Villenave d&rsquo;Ornon.\u00a0Dimanche matin dans des conditions climatiques plus compliqu\u00e9es que la veille pendant les neuf premiers trous l&rsquo;\u00e9quipe remporte le foursome, puis le premier match play et le second, les arbitres n&rsquo;ont plus qu&rsquo;\u00e0 annoncer aux deux derni\u00e8res parties qu&rsquo;ils jouent pour l&rsquo;honneur et nous nous retrouvons tous sur le Green du 18 pour savourer cette belle victoire et mont\u00e9e en 3\u00e8me division A.\u00a0<\/p>\n\n\n<p>Les couleurs des Greens d&rsquo;Eug\u00e9nie ont \u00e9t\u00e9 port\u00e9es fi\u00e8rement durant tout le week-end par les deux \u00e9quipes.\u00a0Direction Mazieres pour l&rsquo;\u00e9quipe 1 d\u00e9but mai pour confirmer lors des championnats de France.<\/p>\n\n\n<figure class=\"wp-block-image size-large\"><img decoding=\"async\" src=\"https:\/\/asdesgreensdeugenie.fr\/wp-content\/uploads\/2022\/03\/equipe-1-golf-des-forges-1024x768.jpeg\" alt=\"\" class=\"wp-image-1456\"\/><\/figure>\n\n\n<p><\/p>\n","protected":false},"excerpt":{"rendered":"<p>L&rsquo;\u00e9quipe 2 sur le Golf d&rsquo;Albert (47) tout d&rsquo;abord a d\u00fb affronter un orage de gr\u00eale lors de la reconnaissance du vendredi. Elle a d\u00fb ensuite lutter contre les pi\u00e8ges tendus par ce golf et ils sont nombreux. Les scores certes un peu lourds ne porteront pas atteinte \u00e0 la [&hellip;]<\/p>\n","protected":false},"author":3,"featured_media":0,"comment_status":"closed","ping_status":"open","sticky":false,"template":"","format":"standard","meta":{"footnotes":""},"categories":[1],"tags":[],"class_list":["post-1451","post","type-post","status-publish","format-standard","hentry","category-non-classe"],"_links":{"self":[{"href":"https:\/\/asdesgreensdeugenie.fr\/index.php\/wp-json\/wp\/v2\/posts\/1451","targetHints":{"allow":["GET"]}}],"collection":[{"href":"https:\/\/asdesgreensdeugenie.fr\/index.php\/wp-json\/wp\/v2\/posts"}],"about":[{"href":"https:\/\/asdesgreensdeugenie.fr\/index.php\/wp-json\/wp\/v2\/types\/post"}],"author":[{"embeddable":true,"href":"https:\/\/asdesgreensdeugenie.fr\/index.php\/wp-json\/wp\/v2\/users\/3"}],"replies":[{"embeddable":true,"href":"https:\/\/asdesgreensdeugenie.fr\/index.php\/wp-json\/wp\/v2\/comments?post=1451"}],"version-history":[{"count":0,"href":"https:\/\/asdesgreensdeugenie.fr\/index.php\/wp-json\/wp\/v2\/posts\/1451\/revisions"}],"wp:attachment":[{"href":"https:\/\/asdesgreensdeugenie.fr\/index.php\/wp-json\/wp\/v2\/media?parent=1451"}],"wp:term":[{"taxonomy":"category","embeddable":true,"href":"https:\/\/asdesgreensdeugenie.fr\/index.php\/wp-json\/wp\/v2\/categories?post=1451"},{"taxonomy":"post_tag","embeddable":true,"href":"https:\/\/asdesgreensdeugenie.fr\/index.php\/wp-json\/wp\/v2\/tags?post=1451"}],"curies":[{"name":"wp","href":"https:\/\/api.w.org\/{rel}","templated":true}]}}